{"id":459,"date":"2022-07-26T16:56:10","date_gmt":"2022-07-26T16:56:10","guid":{"rendered":"https:\/\/skiraceasd.it\/?p=459"},"modified":"2022-07-26T20:56:08","modified_gmt":"2022-07-26T20:56:08","slug":"innaugurazione-della-palestra-paralimpica-a-bazzano-pr-24-luglio-2022","status":"publish","type":"post","link":"https:\/\/skiraceasd.it\/index.php\/2022\/07\/26\/innaugurazione-della-palestra-paralimpica-a-bazzano-pr-24-luglio-2022\/","title":{"rendered":"Inaugurazione della palestra Paralimpica a Bazzano (PR) &#8211; 24 Luglio 2022"},"content":{"rendered":"\n<p>Domenica 24 luglio alle 10 nella frazione di Bazzano di Neviano si \u00e8 svolta l\u2019inaugurazione della nuova palestra paralimpica, finanziata con un contributo di 500mila euro dalla Regione Emilia-Romagna, dal Ministero e dal Comune di Neviano, con il patrocinio di Provincia di Parma, Parchi del Ducato, Unione dei Comuni Parma Est, CIP, CONI, Special Olympics a Anmic.<\/p>\n\n\n\n<p>Oltre al sindaco di Neviano Raffella Devincenzi, erano presenti numerosi ospiti, tra cui il presidente della Regione Emilia-Romagna Stefano Bonaccini, il Consigliere provinciale Nicola Cesari, il Direttore Generale del progetto Ryder Cup 2023 Gian Paolo Montali, Andrea Panizzi presidente della nostra associazione e referente di &#8220;Vapensiero&#8221;, la campionessa del mondo di nuoto paralimpico Giulia Ghiretti, numerosi Sindaci del territorio e tanti atleti professionisti.<\/p>\n\n\n\n<p>L\u2019iniziativa si inserisce nel contesto del progetto Paralympic Valley\/Appennino a 5 Cerchi, promosso dal Comune di Neviano degli Arduini, ma sviluppato insieme agli enti sovraordinati e in collaborazione con decine di soggetti pubblici e privati, attraverso la costituzione di un apposito Comitato promotore.<\/p>\n\n\n\n<p>Il progetto nasce dalla consapevolezza che l\u2019Emilia, tra le tante eccellenze che pu\u00f2 vantare, conta anche una importante vitalit\u00e0 sotto il profilo dei servizi e delle opportunit\u00e0 per le persone con disabilit\u00e0, grazie al pluriennale impegno di enti e associazioni. Solamente l\u2019Appennino da questo punto di vista non \u00e8 ben posizionato, per molteplici ragioni.<\/p>\n\n\n\n<p>Con la creazione di un polo d\u2019Appennino accessibile, quindi, insieme alla rete con le citt\u00e0 e la bassa dei territori afferenti alla Destinazione Turistica Emilia, ossia alle province di Parma, Reggio Emilia e Piacenza, non solamente si colma un vuoto, ma si offrono contemporaneamente nuove possibilit\u00e0 per societ\u00e0 sportive e atleti e per la vivibilit\u00e0 delle comunit\u00e0 collinari e montane ospitanti.<\/p>\n\n\n\n<p>Inoltre, la rete tra le realt\u00e0 attive nei confronti dei disabili, consentir\u00e0 di qualificare l\u2019Emilia a livello nazionale anche da questo punto di vista.<\/p>\n\n\n\n<p>Con questi obiettivi, il Comune di Neviano, insieme ad Anmic Parma e la nostra associazione sportiva con il supporto economico della Regione Emilia-Romagna in primis, ha attivato questo percorso inclusivo e ne sta promuovendo i contenuti per ampliare la rete.<\/p>\n\n\n\n<p>Aderendo alla linea comunicativa suggerita dalla legge regionale sul turismo, per il progetto \u00e8 stato proposto il nome \u201cParalympic Valley\/Appennino a 5 Cerchi\u201d, dove Valley rappresenta il territorio ampio delle province che vorranno partecipare, e Appennino a 5 Cerchi allude al sottoinsieme geografico del progetto su cui bisogna lavorare maggiormente perch\u00e9 pi\u00f9 indietro da questo punto di vista. I termini Paralympic e 5 Cerchi non sono antitetici come potrebbe apparire a prima vista, poich\u00e9 i 5 cerchi non sono il simbolo delle paralimpiadi. Ma vogliono proprio alludere all\u2019inclusivit\u00e0 completa del mondo sportivo. Il pralimpico \u00e8 la vera novit\u00e0 in questo contesto, ma si va ad affiancare alle attivit\u00e0 sportive \u201colimpiche\u201d di cui l\u2019Appennino \u00e8 gi\u00e0 ricco.<\/p>\n\n\n\n<p>L\u2019inaugurazione di domenica 24 luglio ha rappresenta il punto di partenza del percorso sportivo paralimpico in Appennino, che si va ad integrare al tessuto sportivo gi\u00e0 esistente. Nei giorni seguenti un ricco calendario di eventi sportivi completer\u00e0 i festeggiamenti per l\u2019avvento di una nuova fase dell\u2019attrattivit\u00e0 sportiva dell\u2019Appennino.<\/p>\n\n\n\n<figure class=\"wp-block-gallery has-nested-images columns-default is-cropped wp-block-gallery-1 is-layout-flex wp-block-gallery-is-layout-flex\">\n<figure class=\"wp-block-image size-large is-style-rounded\"><img loading=\"lazy\" decoding=\"async\" width=\"1024\" height=\"771\" data-id=\"462\" src=\"https:\/\/skiraceasd.it\/wp-content\/uploads\/2022\/07\/WhatsApp-Image-2022-07-26-at-09.28.26-1-1-1024x771.jpeg\" alt=\"\" class=\"wp-image-462\" srcset=\"https:\/\/skiraceasd.it\/wp-content\/uploads\/2022\/07\/WhatsApp-Image-2022-07-26-at-09.28.26-1-1-1024x771.jpeg 1024w, https:\/\/skiraceasd.it\/wp-content\/uploads\/2022\/07\/WhatsApp-Image-2022-07-26-at-09.28.26-1-1-300x226.jpeg 300w, https:\/\/skiraceasd.it\/wp-content\/uploads\/2022\/07\/WhatsApp-Image-2022-07-26-at-09.28.26-1-1-768x578.jpeg 768w, https:\/\/skiraceasd.it\/wp-content\/uploads\/2022\/07\/WhatsApp-Image-2022-07-26-at-09.28.26-1-1-1536x1157.jpeg 1536w, https:\/\/skiraceasd.it\/wp-content\/uploads\/2022\/07\/WhatsApp-Image-2022-07-26-at-09.28.26-1-1-398x300.jpeg 398w, https:\/\/skiraceasd.it\/wp-content\/uploads\/2022\/07\/WhatsApp-Image-2022-07-26-at-09.28.26-1-1.jpeg 2040w\" sizes=\"auto, (max-width: 1024px) 100vw, 1024px\" \/><\/figure>\n\n\n\n<figure class=\"wp-block-image size-large is-style-rounded\"><img loading=\"lazy\" decoding=\"async\" width=\"1024\" height=\"771\" data-id=\"463\" src=\"https:\/\/skiraceasd.it\/wp-content\/uploads\/2022\/07\/WhatsApp-Image-2022-07-26-at-09.28.26-2-1024x771.jpeg\" alt=\"\" class=\"wp-image-463\" srcset=\"https:\/\/skiraceasd.it\/wp-content\/uploads\/2022\/07\/WhatsApp-Image-2022-07-26-at-09.28.26-2-1024x771.jpeg 1024w, https:\/\/skiraceasd.it\/wp-content\/uploads\/2022\/07\/WhatsApp-Image-2022-07-26-at-09.28.26-2-300x226.jpeg 300w, https:\/\/skiraceasd.it\/wp-content\/uploads\/2022\/07\/WhatsApp-Image-2022-07-26-at-09.28.26-2-768x578.jpeg 768w, https:\/\/skiraceasd.it\/wp-content\/uploads\/2022\/07\/WhatsApp-Image-2022-07-26-at-09.28.26-2-1536x1157.jpeg 1536w, https:\/\/skiraceasd.it\/wp-content\/uploads\/2022\/07\/WhatsApp-Image-2022-07-26-at-09.28.26-2-398x300.jpeg 398w, https:\/\/skiraceasd.it\/wp-content\/uploads\/2022\/07\/WhatsApp-Image-2022-07-26-at-09.28.26-2.jpeg 2040w\" sizes=\"auto, (max-width: 1024px) 100vw, 1024px\" \/><\/figure>\n\n\n\n<figure class=\"wp-block-image size-large is-style-rounded\"><img loading=\"lazy\" decoding=\"async\" width=\"1024\" height=\"771\" data-id=\"464\" src=\"https:\/\/skiraceasd.it\/wp-content\/uploads\/2022\/07\/WhatsApp-Image-2022-07-26-at-09.28.26-1024x771.jpeg\" alt=\"\" class=\"wp-image-464\" srcset=\"https:\/\/skiraceasd.it\/wp-content\/uploads\/2022\/07\/WhatsApp-Image-2022-07-26-at-09.28.26-1024x771.jpeg 1024w, https:\/\/skiraceasd.it\/wp-content\/uploads\/2022\/07\/WhatsApp-Image-2022-07-26-at-09.28.26-300x226.jpeg 300w, https:\/\/skiraceasd.it\/wp-content\/uploads\/2022\/07\/WhatsApp-Image-2022-07-26-at-09.28.26-768x578.jpeg 768w, https:\/\/skiraceasd.it\/wp-content\/uploads\/2022\/07\/WhatsApp-Image-2022-07-26-at-09.28.26-1536x1157.jpeg 1536w, https:\/\/skiraceasd.it\/wp-content\/uploads\/2022\/07\/WhatsApp-Image-2022-07-26-at-09.28.26-398x300.jpeg 398w, https:\/\/skiraceasd.it\/wp-content\/uploads\/2022\/07\/WhatsApp-Image-2022-07-26-at-09.28.26.jpeg 2040w\" sizes=\"auto, (max-width: 1024px) 100vw, 1024px\" \/><\/figure>\n\n\n\n<figure class=\"wp-block-image size-large is-style-rounded\"><img loading=\"lazy\" decoding=\"async\" width=\"1024\" height=\"771\" data-id=\"468\" src=\"https:\/\/skiraceasd.it\/wp-content\/uploads\/2022\/07\/mancante-1024x771.jpeg\" alt=\"\" class=\"wp-image-468\" srcset=\"https:\/\/skiraceasd.it\/wp-content\/uploads\/2022\/07\/mancante-1024x771.jpeg 1024w, https:\/\/skiraceasd.it\/wp-content\/uploads\/2022\/07\/mancante-300x226.jpeg 300w, https:\/\/skiraceasd.it\/wp-content\/uploads\/2022\/07\/mancante-768x578.jpeg 768w, https:\/\/skiraceasd.it\/wp-content\/uploads\/2022\/07\/mancante-1536x1157.jpeg 1536w, https:\/\/skiraceasd.it\/wp-content\/uploads\/2022\/07\/mancante-398x300.jpeg 398w, https:\/\/skiraceasd.it\/wp-content\/uploads\/2022\/07\/mancante.jpeg 2040w\" sizes=\"auto, (max-width: 1024px) 100vw, 1024px\" \/><\/figure>\n\n\n\n<figure class=\"wp-block-image size-large is-style-rounded\"><img loading=\"lazy\" decoding=\"async\" width=\"1024\" height=\"771\" data-id=\"467\" src=\"https:\/\/skiraceasd.it\/wp-content\/uploads\/2022\/07\/mancante2-1024x771.jpeg\" alt=\"\" class=\"wp-image-467\" srcset=\"https:\/\/skiraceasd.it\/wp-content\/uploads\/2022\/07\/mancante2-1024x771.jpeg 1024w, https:\/\/skiraceasd.it\/wp-content\/uploads\/2022\/07\/mancante2-300x226.jpeg 300w, https:\/\/skiraceasd.it\/wp-content\/uploads\/2022\/07\/mancante2-768x578.jpeg 768w, https:\/\/skiraceasd.it\/wp-content\/uploads\/2022\/07\/mancante2-1536x1157.jpeg 1536w, https:\/\/skiraceasd.it\/wp-content\/uploads\/2022\/07\/mancante2-398x300.jpeg 398w, https:\/\/skiraceasd.it\/wp-content\/uploads\/2022\/07\/mancante2.jpeg 2040w\" sizes=\"auto, (max-width: 1024px) 100vw, 1024px\" \/><\/figure>\n<figcaption class=\"blocks-gallery-caption\">Galleria fotografica<\/figcaption><\/figure>\n","protected":false},"excerpt":{"rendered":"<p>Domenica 24 luglio alle 10 nella frazione di Bazzano di Neviano si \u00e8 svolta l\u2019inaugurazione della nuova palestra paralimpica, finanziata con un contributo di 500mila euro dalla Regione Emilia-Romagna, dal Ministero e dal Comune di Neviano, con il patrocinio di Provincia di Parma, Parchi del Ducato, Unione dei Comuni Parma Est, CIP, CONI, Special Olympics [&hellip;]<\/p>\n","protected":false},"author":1,"featured_media":460,"comment_status":"closed","ping_status":"open","sticky":false,"template":"","format":"standard","meta":{"footnotes":""},"categories":[18],"tags":[37,28,30,31,39,36,33,29,27,34,38,32,35],"class_list":["post-459","post","type-post","status-publish","format-standard","has-post-thumbnail","hentry","category-blog","tag-amnic-parma","tag-bazzano","tag-bonaccini","tag-cip","tag-giulia-ghiretti","tag-guastalla","tag-ministero","tag-neviano-degli-arduini","tag-paralympic-valley","tag-regione-emilia-romagna","tag-skirace-asd","tag-sport","tag-vetto-denza"],"_links":{"self":[{"href":"https:\/\/skiraceasd.it\/index.php\/wp-json\/wp\/v2\/posts\/459","targetHints":{"allow":["GET"]}}],"collection":[{"href":"https:\/\/skiraceasd.it\/index.php\/wp-json\/wp\/v2\/posts"}],"about":[{"href":"https:\/\/skiraceasd.it\/index.php\/wp-json\/wp\/v2\/types\/post"}],"author":[{"embeddable":true,"href":"https:\/\/skiraceasd.it\/index.php\/wp-json\/wp\/v2\/users\/1"}],"replies":[{"embeddable":true,"href":"https:\/\/skiraceasd.it\/index.php\/wp-json\/wp\/v2\/comments?post=459"}],"version-history":[{"count":5,"href":"https:\/\/skiraceasd.it\/index.php\/wp-json\/wp\/v2\/posts\/459\/revisions"}],"predecessor-version":[{"id":472,"href":"https:\/\/skiraceasd.it\/index.php\/wp-json\/wp\/v2\/posts\/459\/revisions\/472"}],"wp:featuredmedia":[{"embeddable":true,"href":"https:\/\/skiraceasd.it\/index.php\/wp-json\/wp\/v2\/media\/460"}],"wp:attachment":[{"href":"https:\/\/skiraceasd.it\/index.php\/wp-json\/wp\/v2\/media?parent=459"}],"wp:term":[{"taxonomy":"category","embeddable":true,"href":"https:\/\/skiraceasd.it\/index.php\/wp-json\/wp\/v2\/categories?post=459"},{"taxonomy":"post_tag","embeddable":true,"href":"https:\/\/skiraceasd.it\/index.php\/wp-json\/wp\/v2\/tags?post=459"}],"curies":[{"name":"wp","href":"https:\/\/api.w.org\/{rel}","templated":true}]}}