{"id":278,"date":"2021-06-16T12:44:09","date_gmt":"2021-06-16T12:44:09","guid":{"rendered":"https:\/\/skiraceasd.it\/?p=278"},"modified":"2021-06-16T12:44:11","modified_gmt":"2021-06-16T12:44:11","slug":"quelle-parole-da-salvare-perche-valgono-nei-secoli","status":"publish","type":"post","link":"https:\/\/skiraceasd.it\/index.php\/2021\/06\/16\/quelle-parole-da-salvare-perche-valgono-nei-secoli\/","title":{"rendered":"&#8220;Quelle parole da salvare perch\u00e9 valgono nei secoli&#8221;"},"content":{"rendered":"\n<p>Segnaliamo un&#8217;iniziativa legata al quotidiano locale Gazzetta di Parma, che ci riguarda direttamente. Per 40 giorni sar\u00e0 in edicola con il giornale, il libro di Cesare Pastarini &#8220;Ti prendo in parola&#8221; al costo di \u20ac8,50 pi\u00f9 il prezzo del quotidiano. I proventi della vendita andranno a sostenere le attivit\u00e0 della nostra sezione UICI di Parma e di quella dell&#8217;Ente Nazionale Sordi.<br>Il Presidente UICI Guido Schianchi ed il Presidente ENS Gabriele Dall&#8217;Asta hanno partecipato all&#8217;iniziativa scrivendone la postfazione.<br>Invitiamo a diffondere tra amici e conoscenti questa preziosa e significativa opera e, per chi vorra&#8217;, ad acquistarla contribuendo cos\u00ec al sostegno economico della nostra Unione.<br>Di seguito il lancio che l&#8217;autore ha redatto per promuovere il libro sulle proprie pagine di Facebook ed il link all&#8217;articolo pubblicato sul sito della Gazzetta di Parma.<\/p>\n\n\n\n<p>So di essere lungo, ma devo spiegare perch\u00e9 sono di nuovo qui. Portate pazienza.<br><br>Ricorderete che nei giorni dell\u2019inaugurazione di Parma capitale italiana della cultura, nel gennaio 2020, lanciai su FB una proposta: mandatemi una parola che vorreste salvaguardare. Beh, me ne sono arrivate tante. Scrissi che le lingue sono elastiche, che devono essere duttili e bla bla bla, non sto qui a menarvela. Comunque ho messo tutto in fila, quel progetto ha preso corpo ed \u00e8 diventato per davvero un libro.<br>Si intitola \u00abTi prendo in parola\u00bb.<br><br>Oltre che a voi, ho chiesto parole a bambini, adolescenti e ad anziani ospiti in case di riposo, con l\u2019aiuto di una maestra, di una professoressa e di due operatrici sanitarie. Noterete cos\u00ec l\u2019evoluzione del linguaggio, da quello dei pi\u00f9 piccoli a quello dei nostri vecchi che tornano bambini. Mi spingo a dire che ho trovato anche pedagogico questo gioco fatto nelle scuole. Troverete parole coraggiose, disarmanti, trasgressive, romantiche, matte. E le troverete illustrate!<br>Sono pronto a scommettere che tanti di voi non ricordano nemmeno la loro parola.<br><br>Come promesso, il ricavato andr\u00e0 a due associazioni di persone che non possono sentire, pronunciare o vedere le parole: alla sezione di Parma dell\u2019Ente nazionale sordi e alla Unione italiana dei ciechi e degli ipovedenti di Parma. I contributi dei due presidenti impreziosiscono le ultime pagine di questo volume tascabile.<br>E per restare sulle cose preziose: l\u2019intensa prefazione di Alice Pisu, il profondo e ironico saggio di Stefano Spagnoli e una poesia inedita che Franco Arminio, per l\u2019occasione, mi ha voluto donare.<br><br>Infine (infine???) le illustrazioni di Alessandro Canu, Caterina De Nisco, Emma Pelizza: che disegni bellissimi. Hanno scelto loro, con la massima libert\u00e0, quali parole illustrare, in base alla propria sensibilit\u00e0 di giovani artisti.<br><br>Tutti hanno lavorato gratuitamente.<br><br>Ma i pi\u00f9 belli siete voi che avete mandato la vostra parola e voi che spero andrete in edicola ad acquistare il libro, in vendita da oggi, venerd\u00ec (ma anche i giorni a seguire: sabato, domenica, ecc. ecc, quando vorrete) a 8,50\u20ac con la Gazzetta di Parma, il giornale in cui lavoro e che ha accolto con entusiasmo questa mia idea, assieme a Manlio Maggio, produttore di \u00abTi prendo in parola\u00bb: senza di lui e senza Rinascimento 2.0 non sarei qui a parlarvene. Manlio, tra l\u2019altro, \u00e8 l\u2019organizzatore del Festival della Parola, in programma dall\u20198 al 12 luglio all\u2019Ex Federale (anticipato dalla Pedalata non peDANTE il 20 giugno): io vi aspetto il 10. Portate il libro per commentare qualche parola assieme.<br><br>Credo che avere in casa un libro cos\u00ec, indipendentemente dall\u2019avervi partecipato con una parola (magari datemi una mano a promuoverlo) arricchisca un po\u2019 tutti, non solo il vocabolario.<br>Insomma, con un po\u2019 di commozione posso dire che ce l\u2019abbiamo fatta. Grazie.<\/p>\n\n\n\n<p><br>Articolo della Gazzetta di Parma<br><a href=\"https:\/\/www.gazzettadiparma.it\/parma\/2021\/06\/10\/news\/_quelle_parole_da_salvare_perche_valgono_nei_secoli_-5943012\/\">https:\/\/www.gazzettadiparma.it\/parma\/2021\/06\/10\/news\/_quelle_parole_da_salvare_perche_valgono_nei_secoli_-5943012\/<\/a><\/p>\n","protected":false},"excerpt":{"rendered":"<p>Segnaliamo un&#8217;iniziativa legata al quotidiano locale Gazzetta di Parma, che ci riguarda direttamente. Per 40 giorni sar\u00e0 in edicola con il giornale, il libro di Cesare Pastarini &#8220;Ti prendo in parola&#8221; al costo di \u20ac8,50 pi\u00f9 il prezzo del quotidiano. I proventi della vendita andranno a sostenere le attivit\u00e0 della nostra sezione UICI di Parma [&hellip;]<\/p>\n","protected":false},"author":1,"featured_media":279,"comment_status":"closed","ping_status":"open","sticky":false,"template":"","format":"standard","meta":{"footnotes":""},"categories":[18],"tags":[],"class_list":["post-278","post","type-post","status-publish","format-standard","has-post-thumbnail","hentry","category-blog"],"_links":{"self":[{"href":"https:\/\/skiraceasd.it\/index.php\/wp-json\/wp\/v2\/posts\/278","targetHints":{"allow":["GET"]}}],"collection":[{"href":"https:\/\/skiraceasd.it\/index.php\/wp-json\/wp\/v2\/posts"}],"about":[{"href":"https:\/\/skiraceasd.it\/index.php\/wp-json\/wp\/v2\/types\/post"}],"author":[{"embeddable":true,"href":"https:\/\/skiraceasd.it\/index.php\/wp-json\/wp\/v2\/users\/1"}],"replies":[{"embeddable":true,"href":"https:\/\/skiraceasd.it\/index.php\/wp-json\/wp\/v2\/comments?post=278"}],"version-history":[{"count":1,"href":"https:\/\/skiraceasd.it\/index.php\/wp-json\/wp\/v2\/posts\/278\/revisions"}],"predecessor-version":[{"id":280,"href":"https:\/\/skiraceasd.it\/index.php\/wp-json\/wp\/v2\/posts\/278\/revisions\/280"}],"wp:featuredmedia":[{"embeddable":true,"href":"https:\/\/skiraceasd.it\/index.php\/wp-json\/wp\/v2\/media\/279"}],"wp:attachment":[{"href":"https:\/\/skiraceasd.it\/index.php\/wp-json\/wp\/v2\/media?parent=278"}],"wp:term":[{"taxonomy":"category","embeddable":true,"href":"https:\/\/skiraceasd.it\/index.php\/wp-json\/wp\/v2\/categories?post=278"},{"taxonomy":"post_tag","embeddable":true,"href":"https:\/\/skiraceasd.it\/index.php\/wp-json\/wp\/v2\/tags?post=278"}],"curies":[{"name":"wp","href":"https:\/\/api.w.org\/{rel}","templated":true}]}}