{"id":192,"date":"2021-05-06T13:30:51","date_gmt":"2021-05-06T13:30:51","guid":{"rendered":"https:\/\/skiraceasd.it\/?p=192"},"modified":"2021-05-06T19:49:15","modified_gmt":"2021-05-06T19:49:15","slug":"riattiviamoci-al-paco","status":"publish","type":"post","link":"https:\/\/skiraceasd.it\/index.php\/2021\/05\/06\/riattiviamoci-al-paco\/","title":{"rendered":"Riattiviamoci al parco"},"content":{"rendered":"\n<p>L\u2019attivit\u00e0 motoria \u00e8 il filo conduttore che si propone di coinvolgere bambini, giovani, adulti ed anziani con diverse e numerose attivit\u00e0, gratuite, a disposizione in aree verdi e parchi cittadini nel periodo della primavera, estate 2021<\/p>\n\n\n\n<figure class=\"wp-block-gallery columns-1 is-cropped wp-block-gallery-1 is-layout-flex wp-block-gallery-is-layout-flex\"><ul class=\"blocks-gallery-grid\"><li class=\"blocks-gallery-item\"><figure><img loading=\"lazy\" decoding=\"async\" width=\"470\" height=\"294\" src=\"https:\/\/skiraceasd.it\/wp-content\/uploads\/2021\/05\/Image.ashx_.jpg\" alt=\"\" data-id=\"194\" data-full-url=\"https:\/\/skiraceasd.it\/wp-content\/uploads\/2021\/05\/Image.ashx_.jpg\" data-link=\"https:\/\/skiraceasd.it\/?attachment_id=194\" class=\"wp-image-194\" srcset=\"https:\/\/skiraceasd.it\/wp-content\/uploads\/2021\/05\/Image.ashx_.jpg 470w, https:\/\/skiraceasd.it\/wp-content\/uploads\/2021\/05\/Image.ashx_-300x188.jpg 300w, https:\/\/skiraceasd.it\/wp-content\/uploads\/2021\/05\/Image.ashx_-400x250.jpg 400w\" sizes=\"auto, (max-width: 470px) 100vw, 470px\" \/><\/figure><\/li><\/ul><figcaption class=\"blocks-gallery-caption\"><a href=\"https:\/\/www.comune.parma.it\/sport\/Riattiviamoci-al-parco.aspx\" target=\"_blank\" rel=\"noreferrer noopener\">Comune di Parma<\/a><\/figcaption><\/figure>\n\n\n\n<p>con un\u2019attenzione privilegiata per gli adolescenti, ragazze\/i dai 12 ai 18 anni, fascia d\u2019et\u00e0 caratterizzata dall\u2019abbandono dell\u2019attivit\u00e0 sportiva in una situazione di pandemia che suscita ancora molta preoccupazione.<\/p>\n\n\n\n<p>Il progetto \u00e8 promosso dagli Enti di promozione sportiva UISP, CSI e AICS a cui si sono aggiunti US ACLI e CSEN, \u00e8 finanziato con risorse regionali ed \u00e8 coordinato dal Comune di Parma \u2013 Settore Sport in partnership con gli Enti di promozione sportiva, l\u2019Ufficio Educazione Fisica e Sportiva, le scuole primarie, secondarie di I e II grado statali e paritarie, l\u2019Universit\u00e0 di Parma, il Liceo Sporti- vo Bertolucci, l\u2019Azienda USL di Parma, l&#8217;Azienda Ospedaliero Universitaria, il Coni, il CIP ed ANMIC.<\/p>\n\n\n\n<p>Inoltre la promozione dell\u2019attivit\u00e0 fisica \u00e8 una sfida cos\u00ec importante e cos\u00ec ampia da chiamare in causa diversi settori comunali (Scuola, Sociale, Inclusione, Giovani, Cittadinanza Attiva, Comunica- zione) e crea connessioni organizzative che riteniamo valga la pena mettere in campo verso la promozione di stili di vita sani e attivi.<\/p>\n\n\n\n<p>A questo link \u00e8 possibile visualizzare tutti gli eventi&nbsp;&nbsp;<a href=\"https:\/\/bit.ly\/3nps0gJ\">https:\/\/bit.ly\/3nps0gJ<\/a>&nbsp; Cliccando sul link si aprir\u00e0 la pagina di Google Drive dedicata al Programma suddiviso per giorni.<\/p>\n\n\n\n<p>&nbsp;Scegliendo il giorno vedrete tutti i parchi attivi e all&#8217;interno il programma delle discipline<\/p>\n\n\n\n<p>Una volta individuata una o pi\u00f9 discipline, si potr\u00e0 procedere alla compilazione del modulo di adesione tramite il &#8220;<a href=\"https:\/\/bit.ly\/2RbILzT\" target=\"_blank\" rel=\"noreferrer noopener\">link<\/a>&#8220;<\/p>\n\n\n\n<p><strong>Istruzioni per la compilazione<\/strong><\/p>\n\n\n\n<p>Per facilitare le procedure, scaricare il programma ADOBE ACROBAT per PC o SMARTPHONE, aprire il file e cliccare su compila e firma.<\/p>\n\n\n\n<p>Terminata la compilazione inviare il file tramite WhatsApp web (se si usa un PC) oppure WhatsApp per cellulare (se si usa uno smartphone).<\/p>\n\n\n\n<p>E&#8217; possibile inoltre stampare, compilare a penna e inviare tutte le pagine tramite una foto, sempre via WhatsApp.&nbsp;&nbsp;<\/p>\n\n\n\n<p>IMPORTANTE Necessario invio foto fronte e retro del documento di identit\u00e0.&nbsp;<\/p>\n\n\n\n<p>L&#8217;unico canale disponibile per l&#8217;inoltro di tutta la documentazione sar\u00e0 il numero WhatsApp 3314002801<\/p>\n\n\n\n<p><strong>Finalit\u00e0<\/strong><\/p>\n\n\n\n<p>Aumentare le occasioni di pratica motoria e sportiva a contatto con l\u2019ambiente naturale e ri- durre la percentuale della popolazione sedentaria.<\/p>\n\n\n\n<p>Promuovere la salute psico-fisica della comunit\u00e0, delle varie fasce d\u2019et\u00e0 e condizione socio- economico e favorire azioni di integrazione sociale e di aggregazione tra soggetti disabili e nor- modotati.<\/p>\n\n\n\n<p>Favorire opportunit\u00e0 di socializzazione attraverso l\u2019attivit\u00e0 motoria riconnettendo le diverse fa- sce di popolazione che abitano i quartieri della citt\u00e0, affinch\u00e9 lo sport mantenga vivo il proprio legame con la comunit\u00e0.<\/p>\n\n\n\n<p>Accrescere le conoscenze individuali riguardo un corretto stile di vita che comprende l\u2019attivit\u00e0 motoria legata ad un regime alimentare sano, importante strumento di prevenzione di numero- se patologie.<\/p>\n\n\n\n<p>Rivalutare parchi e aree verdi della citt\u00e0 poco conosciute o in disuso.<br><br>Facilitare l\u2019avvicinamento di chi pu\u00f2 avere interesse per l\u2019attivit\u00e0 sportiva ma non ha ancora deciso o non ha individuato le modalit\u00e0 per farla.<\/p>\n\n\n\n<p><strong>Che cosa offre<\/strong><\/p>\n\n\n\n<p>A partire da maggio 2021, il progetto si sviluppa all\u2019interno delle aree verdi del Comune di Parma, \u00e8 gestito dalle Societ\u00e0 Sportive affiliate agli Enti di promozione sportive ma rimane aperto a colla- borazioni e proposte.<\/p>\n\n\n\n<p>AVVIO sabato <strong>8 maggio 2021<\/strong>, per proseguire <strong>dal 10 al 14 maggio <\/strong>e d<strong>al 17 al 21 maggio<\/strong>: 11 Open Day con un\u2019offerta di circa 50 discipline per studenti e cittadini.<\/p>\n\n\n\n<p>I laboratori sono gratuiti, \u00e8 inclusa la copertura assicurativa, \u00e8 rispettata la normativa in mate-ria di contenimento e gestione dell\u2019emergenza epidemiologica da Covid-19. \u00c8 prevista l\u2019iscrizione, le attivit\u00e0 saranno differenziate per fasce d\u2019et\u00e0 e per adesioni ricevute.<\/p>\n\n\n\n<p>Da MAGGIO a SETTEMBRE 2021: laboratori motori, espressivi, ricreativi, con una pianificazione settimanale distribuita su un calendario mensile.<\/p>\n\n\n\n<p>Da MAGGIO a SETTEMBRE 2021: disponibilit\u00e0 ad inserire proposte di altri soggetti ma in linea con le finalit\u00e0 del progetto.<\/p>\n\n\n\n<p><strong>A chi \u00e8 rivolto il progetto<\/strong><\/p>\n\n\n\n<p>Sono direttamente coinvolte tutte le scuole primarie, I\u00b0 e II\u00b0 grado di istruzione, statali e parita- rie, che possono aderire ad attivit\u00e0 extrascolastiche offerte nei parchi o aree verdi cittadine e di alcune frazioni.<br>Sono altres\u00ec invitati gli studenti universitari, i ragazzi dei Centri Giovani e le realt\u00e0 del terzo setto- re, i cittadini in generale.<\/p>\n\n\n\n<p><strong>Gestione<\/strong><\/p>\n\n\n\n<p>Un Gruppo di Progetto composto dal Settore Sport Comune di Parma, Enti di promozione, Ufficio Educazione Fisica e Sportiva, Universit\u00e0 &#8211; Corso di Laurea Scienze Motorie, Liceo sportivo Berto- lucci condivide e orienta:<\/p>\n\n\n\n<p>l\u2019offerta di Open Day e Laboratori motori, espressivi e ricreativi all\u2019interno delle aree verdi\/ parchi del Comune di Parma, gestiti dalle Societ\u00e0 Sportive affiliate agli Enti di promozione sportiva;<\/p>\n\n\n\n<p>l\u2019offerta di attivit\u00e0 ed iniziative all\u2019insegna del benessere e della salute da parte di altri soggetti che potrebbero inserirsi con le loro proposte nel programma \u201cRIATTIVIAMOCI AL PARCO\u201d<\/p>\n\n\n\n<p>La conduzione delle attivit\u00e0 avviene tramite istruttori\/educatori delle societ\u00e0 sportive afferenti agli Enti, supportati sia da studenti in tirocinio formativo del Liceo Sportivo Bertolucci, sia da stu- denti universitari iscritti ai Corsi di Scienze Motorie (peer education).<\/p>\n\n\n\n<p>L\u2019azione parallela della scuola, attraverso piccoli percorsi disciplinari di approfondimento oppor- tunamente guidati, riconducibili all\u2019educazione fisica\/scienze motorie, alle scienze e all\u2019educazione civica, possono favorire la creazione di basi culturali fondamentali per promuovere il benessere psico-fisico e sociale.<\/p>\n\n\n\n<p>Il <strong>ruolo della scuol<\/strong>a \u00e8 quindi quello di <strong>informare <\/strong>ma anche di formare, assicurando un\u2019azione si nergica con i Partners, grazie alla collaborazione dei referenti scolastici o \u201cTutor\u201d che rappresen-tano un valore aggiunto per una ricaduta qualitativa sulle Istituzioni Scolastiche e fortemente indi- rizzata all\u2019inclusione.<\/p>\n\n\n\n<p>Il \u201cprendersi cura\u201d, rivolto a se stessi e agli altri, base essenziale per un\u2019educazione alla salute e al benessere, sar\u00e0 tra i temi principali e il centro di tutta la riflessione che porter\u00e0 avanti la scuola nella partecipazione al progetto.<\/p>\n","protected":false},"excerpt":{"rendered":"<p>L\u2019attivit\u00e0 motoria \u00e8 il filo conduttore che si propone di coinvolgere bambini, giovani, adulti ed anziani con diverse e numerose attivit\u00e0, gratuite, a disposizione in aree verdi e parchi cittadini nel periodo della primavera, estate 2021 con un\u2019attenzione privilegiata per gli adolescenti, ragazze\/i dai 12 ai 18 anni, fascia d\u2019et\u00e0 caratterizzata dall\u2019abbandono dell\u2019attivit\u00e0 sportiva in [&hellip;]<\/p>\n","protected":false},"author":1,"featured_media":0,"comment_status":"closed","ping_status":"open","sticky":false,"template":"","format":"standard","meta":{"footnotes":""},"categories":[1],"tags":[],"class_list":["post-192","post","type-post","status-publish","format-standard","hentry","category-uncategorized"],"_links":{"self":[{"href":"https:\/\/skiraceasd.it\/index.php\/wp-json\/wp\/v2\/posts\/192","targetHints":{"allow":["GET"]}}],"collection":[{"href":"https:\/\/skiraceasd.it\/index.php\/wp-json\/wp\/v2\/posts"}],"about":[{"href":"https:\/\/skiraceasd.it\/index.php\/wp-json\/wp\/v2\/types\/post"}],"author":[{"embeddable":true,"href":"https:\/\/skiraceasd.it\/index.php\/wp-json\/wp\/v2\/users\/1"}],"replies":[{"embeddable":true,"href":"https:\/\/skiraceasd.it\/index.php\/wp-json\/wp\/v2\/comments?post=192"}],"version-history":[{"count":2,"href":"https:\/\/skiraceasd.it\/index.php\/wp-json\/wp\/v2\/posts\/192\/revisions"}],"predecessor-version":[{"id":221,"href":"https:\/\/skiraceasd.it\/index.php\/wp-json\/wp\/v2\/posts\/192\/revisions\/221"}],"wp:attachment":[{"href":"https:\/\/skiraceasd.it\/index.php\/wp-json\/wp\/v2\/media?parent=192"}],"wp:term":[{"taxonomy":"category","embeddable":true,"href":"https:\/\/skiraceasd.it\/index.php\/wp-json\/wp\/v2\/categories?post=192"},{"taxonomy":"post_tag","embeddable":true,"href":"https:\/\/skiraceasd.it\/index.php\/wp-json\/wp\/v2\/tags?post=192"}],"curies":[{"name":"wp","href":"https:\/\/api.w.org\/{rel}","templated":true}]}}